{"id":26475,"date":"2026-09-04T22:07:43","date_gmt":"2026-09-04T20:07:43","guid":{"rendered":"https:\/\/www.esterpatriciaceresa.com\/?p=26475"},"modified":"2026-09-04T22:08:10","modified_gmt":"2026-09-04T20:08:10","slug":"ipnosi-e-morfofisiognomica-conoscere-la-persona-oltre-le-parole","status":"publish","type":"post","link":"https:\/\/www.esterpatriciaceresa.com\/ro\/ipnosi-e-morfofisiognomica-conoscere-la-persona-oltre-le-parole\/","title":{"rendered":"Hipnoz\u0103 \u0219i morfofizionomie: \u00cen\u021belegerea oamenilor dincolo de cuvinte"},"content":{"rendered":"<p class=\"wp-block-paragraph\"><em>Ce au \u00een comun hipnoza \u0219i morfofizionomie?<\/em><\/p>\n\n\n\n<p class=\"wp-block-paragraph\">\u00cen acest fragment din interviul acordat Medicina Regione Lazio, explic ce sunt \u0219i cum pot fi integrate \u00een calea cunoa\u0219terii \u0219i dezvolt\u0103rii personale.<\/p>\n\n\n\n<p class=\"wp-block-paragraph\">At\u00e2t<a href=\"https:\/\/www.esterpatriciaceresa.com\/ro\/cheile-pentru-schimbare\/hipnoza-calea-a-mintii-inconstiente\/\" data-type=\"link\" data-id=\"https:\/\/www.esterpatriciaceresa.com\/chiavi-del-cambiamento\/ipnosi-la-via-della-mente-inconscia\/\" target=\"_blank\" rel=\"noreferrer noopener\">hipnoza<\/a> c\u00e2t \u0219i<a href=\"https:\/\/www.esterpatriciaceresa.com\/ro\/cheile-pentru-schimbare\/morfofizionomie-studiu-a-formei-umane\/\" data-type=\"link\" data-id=\"https:\/\/www.esterpatriciaceresa.com\/chiavi-del-cambiamento\/morfofisiognomica-studio-della-forma-umana\/\">analiza morfofiziognomic\u0103<\/a> sunt departe de a fi str\u0103ine experien\u021bei noastre cotidiene: sunt abilit\u0103\u021bi naturale ale min\u021bii, le punem \u00een practic\u0103 f\u0103r\u0103 s\u0103 \u0219tim c\u0103 le punem \u00een practic\u0103.<\/p>\n\n\n\n<figure class=\"wp-block-embed is-type-video is-provider-youtube wp-block-embed-youtube wp-embed-aspect-9-16 wp-has-aspect-ratio\"><div class=\"wp-block-embed__wrapper\">\n<iframe loading=\"lazy\" title=\"Ipnosi e Morfofisiognomica: Conoscere la persona oltre le parole | Ester Patricia Ceresa\" width=\"422\" height=\"750\" src=\"https:\/\/www.youtube.com\/embed\/dpZZ2H3Hmsk?feature=oembed\" frameborder=\"0\" allow=\"accelerometer; autoplay; clipboard-write; encrypted-media; gyroscope; picture-in-picture; web-share\" referrerpolicy=\"strict-origin-when-cross-origin\" allowfullscreen><\/iframe>\n<\/div><\/figure>\n\n\n\n<div class=\"wp-block-media-text is-stacked-on-mobile\"><figure class=\"wp-block-media-text__media\"><img loading=\"lazy\" decoding=\"async\" width=\"1024\" height=\"521\" src=\"https:\/\/www.esterpatriciaceresa.com\/wp-content\/uploads\/2024\/07\/Cover-Landing-Page-Morfofisiognomica-1-1024x521.png\" alt=\"\" class=\"wp-image-23823 size-full\" srcset=\"https:\/\/www.esterpatriciaceresa.com\/wp-content\/uploads\/2024\/07\/Cover-Landing-Page-Morfofisiognomica-1-1024x521.png 1024w, https:\/\/www.esterpatriciaceresa.com\/wp-content\/uploads\/2024\/07\/Cover-Landing-Page-Morfofisiognomica-1-300x153.png 300w, https:\/\/www.esterpatriciaceresa.com\/wp-content\/uploads\/2024\/07\/Cover-Landing-Page-Morfofisiognomica-1-768x391.png 768w, https:\/\/www.esterpatriciaceresa.com\/wp-content\/uploads\/2024\/07\/Cover-Landing-Page-Morfofisiognomica-1-18x9.png 18w, https:\/\/www.esterpatriciaceresa.com\/wp-content\/uploads\/2024\/07\/Cover-Landing-Page-Morfofisiognomica-1.png 1528w\" sizes=\"(max-width: 1024px) 100vw, 1024px\" \/><\/figure><div class=\"wp-block-media-text__content\">\n<p class=\"wp-block-paragraph\">\ud83d\udc49 \u00ceNSCRIE\u021aI LA SEMINAR <a href=\"https:\/\/www.esterpatriciaceresa.com\/ro\/morfofizionomie-intelegere-unul-altul-la-prima-vedere\/\" target=\"_blank\" rel=\"noreferrer noopener\">Cum \u0219a Cite\u0219ti o Persoan\u0103 \u00een 3 Minute<\/a><\/p>\n\n\n\n<p class=\"wp-block-paragraph\">\u00centr-un mod u\u0219or \u0219i distractiv, vei \u00eenv\u0103\u021ba un instrument fundamental pentru via\u021ba ta privat\u0103 \u0219i profesional\u0103 cu multe exerci\u021bii.<\/p>\n\n\n\n<div class=\"wp-block-buttons is-layout-flex wp-block-buttons-is-layout-flex\">\n<div class=\"wp-block-button\"><a class=\"wp-block-button__link wp-element-button\" href=\"https:\/\/www.esterpatriciaceresa.com\/ro\/morfofizionomie-intelegere-unul-altul-la-prima-vedere\/\" target=\"_blank\" rel=\"noreferrer noopener\">Info<\/a><\/div>\n<\/div>\n<\/div><\/div>\n\n\n\n<div class=\"wp-block-media-text is-stacked-on-mobile\"><figure class=\"wp-block-media-text__media\"><img loading=\"lazy\" decoding=\"async\" width=\"900\" height=\"600\" src=\"https:\/\/www.esterpatriciaceresa.com\/wp-content\/uploads\/2024\/02\/copertina-libro-italiano-ester-patricia.jpg\" alt=\"\" class=\"wp-image-22865 size-full\" srcset=\"https:\/\/www.esterpatriciaceresa.com\/wp-content\/uploads\/2024\/02\/copertina-libro-italiano-ester-patricia.jpg 900w, https:\/\/www.esterpatriciaceresa.com\/wp-content\/uploads\/2024\/02\/copertina-libro-italiano-ester-patricia-300x200.jpg 300w, https:\/\/www.esterpatriciaceresa.com\/wp-content\/uploads\/2024\/02\/copertina-libro-italiano-ester-patricia-768x512.jpg 768w, https:\/\/www.esterpatriciaceresa.com\/wp-content\/uploads\/2024\/02\/copertina-libro-italiano-ester-patricia-18x12.jpg 18w\" sizes=\"(max-width: 900px) 100vw, 900px\" \/><\/figure><div class=\"wp-block-media-text__content\">\n<p class=\"wp-block-paragraph\">\ud83d\udc49 CUMP\u0102R\u0102 CARTEA <a href=\"https:\/\/www.esterpatriciaceresa.com\/ro\/manual-de-morfofizionomica\/\" target=\"_blank\" rel=\"noreferrer noopener\">Manuale di Morfofisiognomica Vol. I &#8211; Editore C.I.S.U<\/a><\/p>\n\n\n\n<p class=\"wp-block-paragraph\">Cu peste 160 de ilustra\u021bii \u0219i tabele practice<\/p>\n\n\n\n<div class=\"wp-block-buttons is-layout-flex wp-block-buttons-is-layout-flex\">\n<div class=\"wp-block-button\"><a class=\"wp-block-button__link wp-element-button\" href=\"https:\/\/www.esterpatriciaceresa.com\/ro\/manual-de-morfofizionomica\/\" target=\"_blank\" rel=\"noreferrer noopener\">COMPRA ORA<\/a><\/div>\n<\/div>\n<\/div><\/div>\n\n\n\n<div class=\"wp-block-media-text is-stacked-on-mobile\"><figure class=\"wp-block-media-text__media\"><img loading=\"lazy\" decoding=\"async\" width=\"700\" height=\"600\" src=\"https:\/\/www.esterpatriciaceresa.com\/wp-content\/uploads\/2022\/06\/incontri-individuali-studio-e1655218649293.jpg\" alt=\"\" class=\"wp-image-15704 size-full\" srcset=\"https:\/\/www.esterpatriciaceresa.com\/wp-content\/uploads\/2022\/06\/incontri-individuali-studio-e1655218649293.jpg 700w, https:\/\/www.esterpatriciaceresa.com\/wp-content\/uploads\/2022\/06\/incontri-individuali-studio-e1655218649293-300x257.jpg 300w, https:\/\/www.esterpatriciaceresa.com\/wp-content\/uploads\/2022\/06\/incontri-individuali-studio-e1655218649293-14x12.jpg 14w\" sizes=\"(max-width: 700px) 100vw, 700px\" \/><\/figure><div class=\"wp-block-media-text__content\">\n<p class=\"wp-block-paragraph\">\u2753CE TIP ESTI sau CE TIP ESTE? <a href=\"https:\/\/www.esterpatriciaceresa.com\/ro\/consultari\/\" target=\"_blank\" rel=\"noreferrer noopener\">Click aici pentru a avea o analiz\u0103 de Morfofizionomie personalizat\u0103!<\/a><\/p>\n\n\n\n<p class=\"wp-block-paragraph\">A ta sau a oricui vrei tu, este suficient\u0103 doar o fotografie de profil!<\/p>\n\n\n\n<div class=\"wp-block-buttons is-layout-flex wp-block-buttons-is-layout-flex\">\n<div class=\"wp-block-button\"><a class=\"wp-block-button__link wp-element-button\" href=\"https:\/\/www.esterpatriciaceresa.com\/ro\/consultari\/\" target=\"_blank\" rel=\"noreferrer noopener\">PRENOTA<\/a><\/div>\n<\/div>\n<\/div><\/div>\n\n\n\n<div class=\"wp-block-media-text is-stacked-on-mobile\"><figure class=\"wp-block-media-text__media\"><img loading=\"lazy\" decoding=\"async\" width=\"768\" height=\"432\" src=\"https:\/\/www.esterpatriciaceresa.com\/wp-content\/uploads\/2022\/06\/iscriviti.png\" alt=\"\" class=\"wp-image-16187 size-full\" srcset=\"https:\/\/www.esterpatriciaceresa.com\/wp-content\/uploads\/2022\/06\/iscriviti.png 768w, https:\/\/www.esterpatriciaceresa.com\/wp-content\/uploads\/2022\/06\/iscriviti-300x169.png 300w, https:\/\/www.esterpatriciaceresa.com\/wp-content\/uploads\/2022\/06\/iscriviti-18x10.png 18w\" sizes=\"(max-width: 768px) 100vw, 768px\" \/><\/figure><div class=\"wp-block-media-text__content\">\n<p class=\"wp-block-paragraph\">\ud83d\udc40 PLAYLIST MORFOFIZIONOMIE <a href=\"http:\/\/bit.ly\/3oNczy0\u200b\" target=\"_blank\" rel=\"noreferrer noopener\">Video pentru tine<\/a><\/p>\n\n\n\n<p class=\"wp-block-paragraph\">Afla mai multe despre Morfofizionomie<\/p>\n\n\n\n<div class=\"wp-block-buttons is-layout-flex wp-block-buttons-is-layout-flex\">\n<div class=\"wp-block-button\"><a class=\"wp-block-button__link wp-element-button\" href=\"http:\/\/bit.ly\/3oNczy0\u200b\" target=\"_blank\" rel=\"noreferrer noopener\">SUBSCRIBE NOW<\/a><\/div>\n<\/div>\n<\/div><\/div>","protected":false},"excerpt":{"rendered":"<p>Che cosa hanno in comune l&#8217;ipnosi e la morfofisiognomica? In questo estratto dell&#8217;intervista a Medicina Regione Lazio spiego cosa sono [&hellip;]<\/p>\n","protected":false},"author":2,"featured_media":26476,"comment_status":"closed","ping_status":"closed","sticky":false,"template":"","format":"standard","meta":{"_acf_changed":false,"footnotes":""},"categories":[9,15,18,40,1],"tags":[105,106,96,129],"class_list":["post-26475","post","type-post","status-publish","format-standard","has-post-thumbnail","hentry","category-blog","category-crescita-e-sviluppo-personale","category-ipnosi","category-morfofisiognomica","category-uncategorized","tag-cosa-posso-fare-per-migliorare-la-mia-vita","tag-crescita-e-sviluppo-personale","tag-ipnosi","tag-morfofisiognomica"],"acf":[],"_links":{"self":[{"href":"https:\/\/www.esterpatriciaceresa.com\/ro\/wp-json\/wp\/v2\/posts\/26475","targetHints":{"allow":["GET"]}}],"collection":[{"href":"https:\/\/www.esterpatriciaceresa.com\/ro\/wp-json\/wp\/v2\/posts"}],"about":[{"href":"https:\/\/www.esterpatriciaceresa.com\/ro\/wp-json\/wp\/v2\/types\/post"}],"author":[{"embeddable":true,"href":"https:\/\/www.esterpatriciaceresa.com\/ro\/wp-json\/wp\/v2\/users\/2"}],"replies":[{"embeddable":true,"href":"https:\/\/www.esterpatriciaceresa.com\/ro\/wp-json\/wp\/v2\/comments?post=26475"}],"version-history":[{"count":1,"href":"https:\/\/www.esterpatriciaceresa.com\/ro\/wp-json\/wp\/v2\/posts\/26475\/revisions"}],"predecessor-version":[{"id":26477,"href":"https:\/\/www.esterpatriciaceresa.com\/ro\/wp-json\/wp\/v2\/posts\/26475\/revisions\/26477"}],"wp:featuredmedia":[{"embeddable":true,"href":"https:\/\/www.esterpatriciaceresa.com\/ro\/wp-json\/wp\/v2\/media\/26476"}],"wp:attachment":[{"href":"https:\/\/www.esterpatriciaceresa.com\/ro\/wp-json\/wp\/v2\/media?parent=26475"}],"wp:term":[{"taxonomy":"category","embeddable":true,"href":"https:\/\/www.esterpatriciaceresa.com\/ro\/wp-json\/wp\/v2\/categories?post=26475"},{"taxonomy":"post_tag","embeddable":true,"href":"https:\/\/www.esterpatriciaceresa.com\/ro\/wp-json\/wp\/v2\/tags?post=26475"}],"curies":[{"name":"wp","href":"https:\/\/api.w.org\/{rel}","templated":true}]}}