{"id":26352,"date":"2026-03-04T11:39:01","date_gmt":"2026-03-04T10:39:01","guid":{"rendered":"https:\/\/www.esterpatriciaceresa.com\/?p=26352"},"modified":"2026-03-04T11:39:03","modified_gmt":"2026-03-04T10:39:03","slug":"ipnosi-e-primavera-dellessere-3-casi-studio","status":"publish","type":"post","link":"https:\/\/www.esterpatriciaceresa.com\/ro\/ipnosi-e-primavera-dellessere-3-casi-studio\/","title":{"rendered":"Ipnosi e primavera dell\u2019essere: 3 casi studio"},"content":{"rendered":"<p>Ritroviamo in noi quella grande voglia di rinascere<\/p>\n\n\n\n<p>La primavera \u00e8 la stagione della rinascita per eccellenza: i fiori sbocciano, la natura si risveglia, il sole torna a scaldare la terra dopo il lungo inverno.<\/p>\n\n\n\n<p>Questa trasformazione non \u00e8 solo un fenomeno stagionale, ma anche una potente metafora della crescita personale. Ogni individuo attraversa fasi di letargo emotivo, periodi di crisi e momenti di buio che possono sembrare infiniti, ma con la giusta spinta \u00e8 possibile rifiorire e rinascere pi\u00f9 forti di prima.<\/p>\n\n\n\n<p>Il cambio di stagione \u00e8, quindi, un periodo particolarmente favorevole per fare il \u201ccambio di stagione\u201d di noi stessi, proprio come facciamo con gli abiti e quindi lasciar andare maschere, ruoli, convinzioni, modi di essere e di pensare che non ci appartengono pi\u00f9 per far emergere altri lati sconosciuti di noi stessi. Del resto ciascuno di noi percepisce, in occasione della stagione primaverile, quel particolare friccicore, la vitalit\u00e0 che si risveglia dopo il torpore invernale, la voglia di uscire e quindi anche di \u201cuscire allo scoperto\u201d. Ognuno di noi sente una forte spinta al rinnovamento, una nuova energia scorrere nelle vene, una gran voglia di \u201ccambiare aria\u201d.<\/p>\n\n\n\n<p><strong>Pulizie di primavera\u2026 anche dentro di noi<\/strong><\/p>\n\n\n\n<figure class=\"wp-block-image\" id=\"attachment_47948\"><img decoding=\"async\" src=\"https:\/\/www.karmanews.it\/wp-content\/uploads\/2025\/02\/ai-generated-si-MissKarin.jpg\" alt=\"ai generated si MissKarin\" class=\"wp-image-47948\" title=\"La primavera dell\u2019essere 3\"\/><figcaption class=\"wp-element-caption\">Foto ai-generated-si MissKarin da Pixabay.<\/figcaption><\/figure>\n\n\n\n<p>A questo proposito basti pensare al significato simbolico di una tradizione antica e sempre pi\u00f9 in disuso: le pulizie di primavera. Si faceva una pulizia profonda di tutta la casa, si spalancavano le finestre per far cambiare aria, togliendo ragnatele, polvere e residui di fuliggine, ci si liberava delle cose inutili e rotte.<\/p>\n\n\n\n<p>Oltre ad avere un aspetto pratico, le pulizie di primavera hanno potere catartico, aprono la strada ad un nuovo inizio. Ripulendo la casa dai detriti accumulati e riordinando il contenuto, si crea un ambiente di vita pi\u00f9 pulito che libera e riorganizza anche la mente.<\/p>\n\n\n\n<p>E, si sa, una mente sgombra e fresca, ragiona in modo fluido e decide meglio, pi\u00f9 velocemente e serenamente. Concetti che vengono richiamati anche, ad esempio dal Feng-Shui, un\u2019antica pratica cinese che favorisce il flusso di energia positiva per portare armonia agli ambienti in cui si vive e lavora per una migliore qualit\u00e0 della vita o dalla pratica del&nbsp;<em>decluttering<\/em>, azione liberatoria che consiste nel rimuovere fisicamente e mentalmente la presenza di oggetti\/pensieri inutili, oggi usato sempre di pi\u00f9 anche in ambito psicologico come strumento di crescita personale.<\/p>\n\n\n\n<p><strong>Come superare blocchi emotivi<\/strong><\/p>\n\n\n\n<figure class=\"wp-block-image\" id=\"attachment_47946\"><img decoding=\"async\" src=\"https:\/\/www.karmanews.it\/wp-content\/uploads\/2025\/02\/pexels-foto-cottonbro-400x244.jpg\" alt=\"pexels foto cottonbro\" class=\"wp-image-47946\" title=\"La primavera dell\u2019essere 4\"\/><figcaption class=\"wp-element-caption\">Foto cottonbro da pexels.<\/figcaption><\/figure>\n\n\n\n<p>Se il conoscere sempre pi\u00f9 s\u00e9 stessi fa compiere importanti passi evolutivi, tra i tanti strumenti disponibili per favorire il processo di rinascita, l\u2019ipnosi e la morfofisiognomica si sono rivelati metodi particolarmente efficaci&nbsp;per superare blocchi emotivi e riscoprire il proprio potenziale interiore.<\/p>\n\n\n\n<p>L\u2019<a href=\"https:\/\/www.esterpatriciaceresa.com\/ro\/?s=ipnosi\" type=\"link\" id=\"https:\/\/www.esterpatriciaceresa.com\/?s=ipnosi\" target=\"_blank\" rel=\"noreferrer noopener\">hipnoza<\/a> \u00e8 uno strumento formidabile per scandagliare il mondo interiore aprendo un dialogo con l\u2019inconscio e la morfofisiognomica permette di conoscersi meglio al di l\u00e0 delle convinzioni che abbiamo su noi stessi, portando maggiore consapevolezza. Attraverso tre casi studio personalmente seguiti, esploreremo come queste tecniche siano state impiegate in un percorso per aiutare queste persone a sbocciare in una nuova versione di s\u00e9 e rifiorire.<\/p>\n\n\n\n<p><strong>Caso studio 1: la rinascita dopo un trauma<\/strong><\/p>\n\n\n\n<figure class=\"wp-block-image\" id=\"attachment_41064\"><img decoding=\"async\" src=\"https:\/\/www.karmanews.it\/wp-content\/uploads\/2022\/12\/eyes-di-paura-foto-di-JD-pixabay.jpg\" alt=\"eyes di paura foto di JD\" class=\"wp-image-41064\" title=\"La primavera dell\u2019essere 5\"\/><figcaption class=\"wp-element-caption\">Foto di JD da pixabay.<\/figcaption><\/figure>\n\n\n\n<p>Giulia, una donna di 38 anni, aveva vissuto un evento traumatico che l\u2019aveva segnata profondamente, lasciandola in uno stato di ansia costante e con una forte paura di esporsi al mondo. Nonostante vari tentativi di terapia tradizionale, sentiva di essere bloccata, come un albero che non riusciva pi\u00f9 a germogliare dopo un inverno particolarmente rigido.<\/p>\n\n\n\n<p>Decise di intraprendere insieme a me un percorso di <a href=\"https:\/\/www.esterpatriciaceresa.com\/ro\/un-an-de-hipnoza-autohipnoza-in-ianuarie-hipnoza-regresiva-scenariul-vietii-voastre\/\" type=\"link\" id=\"https:\/\/www.esterpatriciaceresa.com\/un-anno-di-ipnosi-autoipnosi-di-gennaio-ipnosi-regressiva-il-copione-della-tua-vita\/\" target=\"_blank\" rel=\"noreferrer noopener\">ipnosi regressiva<\/a> per affrontare il trauma. Durante le sessioni, riusc\u00ec a rielaborare il suo passato in un ambiente sicuro. Attraverso visualizzazioni profonde, si immagin\u00f2 come un seme che, dopo essere rimasto nascosto sotto terra, iniziava lentamente a germogliare. Questo processo la aiut\u00f2 a riscoprire la propria forza interiore e, dopo alcune sedute, inizi\u00f2 a sperimentare un senso di libert\u00e0 mai provato prima.<\/p>\n\n\n\n<p>Contestualmente, Giulia si avvicin\u00f2 alla morfofisiognomica, una disciplina che analizza i tratti del volto e della struttura corporea per comprendere meglio la propria natura interiore. In particolare \u00e8 stato applicato il metodo innovativo di morfofisiognomica che ho personalmente sviluppato:&nbsp;<a href=\"https:\/\/www.esterpatriciaceresa.com\/ro\/cheile-pentru-schimbare\/morfofizionomie-studiu-a-formei-umane\/\" target=\"_blank\" rel=\"noreferrer noopener\">I AM (Instant Analysis Morphophisiognomics<\/a>. Osservando la propria espressione e i cambiamenti nel volto, riusc\u00ec a interpretare il suo percorso evolutivo e a rafforzare la consapevolezza della sua trasformazione.<\/p>\n\n\n\n<p>Dopo sei mesi, Giulia raccont\u00f2 di sentirsi rinata: il trauma non aveva pi\u00f9 il potere di definirla e finalmente riusciva a vedere il futuro con speranza, proprio come la primavera porta con s\u00e9 la promessa di giorni pi\u00f9 luminosi.<\/p>\n\n\n\n<p><strong>Caso studio 2: superare il blocco creativo<\/strong><\/p>\n\n\n\n<figure class=\"wp-block-image\" id=\"attachment_47945\"><img decoding=\"async\" src=\"https:\/\/www.karmanews.it\/wp-content\/uploads\/2025\/02\/pexels-foto-di-moh-adbelghaffar-e1739699773261.jpg\" alt=\"pexels foto di moh adbelghaffar e1739699773261\" class=\"wp-image-47945\" title=\"La primavera dell\u2019essere 6\"\/><figcaption class=\"wp-element-caption\">Foto di moh-adbelghaffar da pexels.<\/figcaption><\/figure>\n\n\n\n<p>Luca, uno scrittore di 45 anni, aveva sempre vissuto della sua creativit\u00e0. Tuttavia, un lungo periodo di stress e auto-sabotaggio lo aveva portato a un blocco creativo paralizzante. Sentiva di aver perso l\u2019ispirazione, come un campo arido incapace di dare nuovi frutti. Dopo aver provato senza successo diverse strategie per sbloccare la sua mente, si rivolse al mio studio e all\u2019ipnosi. L\u2019approccio utilizzato fu quello dell\u2019ipnosi ericksoniana, che lo port\u00f2 a immergersi in uno stato di rilassamento profondo. Qui, attraverso suggestioni mirate, riusc\u00ec a connettersi con il suo io interiore e a visualizzare la creativit\u00e0 come un fiume sotterraneo che, una volta rimosse le barriere mentali, poteva tornare a scorrere liberamente.<\/p>\n\n\n\n<p>Parallelamente, Luca decise di approfondire la morfofisiognomica, che lo aiut\u00f2 a comprendere i segnali del suo corpo e del suo volto. Not\u00f2 come alcuni tratti tesi e contratti si rilassassero man mano che la sua creativit\u00e0 rifioriva, segnando un reale cambiamento non solo mentale, ma anche fisico.<br>Dopo alcune sedute, Luca ricominci\u00f2 a scrivere con fluidit\u00e0 e passione, come se la primavera fosse tornata a risvegliare le sue idee sopite. La paura del foglio bianco era svanita e con essa il senso di frustrazione che lo aveva accompagnato per anni.<\/p>\n\n\n\n<p><strong>Caso studio 3: ritrovare la fiducia in s\u00e9 stessi<\/strong><\/p>\n\n\n\n<figure class=\"wp-block-image\" id=\"attachment_47941\"><img decoding=\"async\" src=\"https:\/\/www.karmanews.it\/wp-content\/uploads\/2025\/02\/Ester-con-M-384x400.jpg\" alt=\"Ester con M\" class=\"wp-image-47941\" title=\"La primavera dell\u2019essere 7\"\/><figcaption class=\"wp-element-caption\">Ester Patricia Ceresa durante una sessione di ipnosi.<\/figcaption><\/figure>\n\n\n\n<p>Martina, una giovane imprenditrice di 30 anni, aveva sempre lottato con una scarsa autostima. Nonostante i successi professionali, si sentiva costantemente insicura e timorosa del giudizio altrui. Questa insicurezza le impediva di esprimere il suo pieno potenziale e di prendere decisioni audaci per la sua carriera.<\/p>\n\n\n\n<p>Decise di provare l\u2019ipnosi per rafforzare la sua autostima. Durante le sessioni dove furono impiegate tecniche di <a href=\"https:\/\/www.esterpatriciaceresa.com\/ro\/mesmerism-aceasta-necunoscut\/\" type=\"link\" id=\"https:\/\/www.esterpatriciaceresa.com\/mesmerismo-questo-sconosciuto\/\" target=\"_blank\" rel=\"noreferrer noopener\">mesmerismul<\/a> \u0219i <a href=\"https:\/\/www.youtube.com\/watch?v=6_HeLOm5xAg&amp;t=2s\" type=\"link\" id=\"https:\/\/www.youtube.com\/watch?v=6_HeLOm5xAg&amp;t=2s\" target=\"_blank\" rel=\"noreferrer noopener\">ipnosi non verbale<\/a>, riusc\u00ec a identificare le radici della sua insicurezza e a sostituire i pensieri limitanti con convinzioni pi\u00f9 positive.<\/p>\n\n\n\n<p>Attraverso suggestioni non verbali, si immagin\u00f2 come un albero robusto, con radici profonde e rami che si estendevano verso il cielo, simbolo della sua crescita personale.<\/p>\n\n\n\n<p>In parallelo, studi\u00f2 la morfofisiognomica per comprendere meglio i tratti del suo volto e la loro connessione con la sua personalit\u00e0. Questo la aiut\u00f2 a interpretare i segnali che il suo corpo le mandava e a sviluppare una maggiore fiducia nel proprio valore.<\/p>\n\n\n\n<p>Dopo alcuni mesi, Martina not\u00f2 un netto miglioramento nella sua autostima. Si sentiva pi\u00f9 sicura nelle sue decisioni e oggi affronta le sfide della vita con maggiore determinazione e serenit\u00e0. La sua crescita interiore era visibile anche all\u2019esterno: il suo volto appariva pi\u00f9 rilassato e aperto, segno del cambiamento profondo che aveva vissuto.<\/p>\n\n\n\n<p><strong>Il coraggio di affrontare il mondo<\/strong><\/p>\n\n\n\n<figure class=\"wp-block-image\" id=\"attachment_47942\"><img decoding=\"async\" src=\"https:\/\/www.karmanews.it\/wp-content\/uploads\/2025\/02\/sunflowers-3Jill-Wellington.jpg\" alt=\"sunflowers 3Jill Wellington\" class=\"wp-image-47942\" title=\"La primavera dell\u2019essere 8\"\/><figcaption class=\"wp-element-caption\">Foto di 3Jill Wellington da Pixabay.<\/figcaption><\/figure>\n\n\n\n<p>Questi tre casi dimostrano come la crescita personale sia un processo ciclico, proprio come le stagioni. L\u2019inverno dell\u2019anima pu\u00f2 sembrare interminabile, ma con gli strumenti giusti \u2013 come l\u2019ipnosi e la morfofisiognomica \u2013 \u00e8 possibile risvegliare la propria essenza e rinascere, pi\u00f9 forti e vitali di prima.<\/p>\n\n\n\n<p>Proprio come la primavera, la rinascita interiore porta con s\u00e9 una nuova energia, la capacit\u00e0 di sbocciare e il coraggio di affrontare il mondo con occhi nuovi. Per chiunque senta il bisogno di rifiorire, questi strumenti possono essere un ponte tra il buio e la luce, un mezzo per trasformare il proprio inverno interiore in una primavera dell\u2019essere.<\/p>\n\n\n\n<p><strong>Pentrua afla mai multe<\/strong><\/p>\n\n\n\n<p>Ti consiglio questa <a href=\"https:\/\/www.youtube.com\/watch?v=GiEZszjApMA&amp;t=8s\" type=\"link\" id=\"https:\/\/www.youtube.com\/watch?v=GiEZszjApMA&amp;t=8s\">a<\/a><a href=\"https:\/\/www.youtube.com\/live\/GiEZszjApMA\" type=\"link\" id=\"https:\/\/www.youtube.com\/live\/GiEZszjApMA\" target=\"_blank\" rel=\"noreferrer noopener\">utoipnosi guidata di primavera<\/a><\/p>\n\n\n\n<p><a href=\"https:\/\/www.esterpatriciaceresa.com\/ro\/courses\/\" type=\"link\" id=\"https:\/\/www.esterpatriciaceresa.com\/courses\/\">Corso online ipnosi e autoipnosi- Prime 6 lezioni gratis<\/a><br>Ipnosi e trasformazione personale<br>Milton H. Erickson, \u201cIpnosi e trasformazione\u201d Casa editrice Astrolabio<br>Michael D. Yapko, \u201cTrancework<em>\u201d<\/em>\u00a0\u2013 Routledge edition<\/p>\n\n\n\n<p>Morfofisiognomica e lettura del volto<br>Julius Fast,&nbsp;<em>\u201c<\/em>Il linguaggio del corpo<em>\u201d<\/em>&nbsp; Mondadori ed.<br>Paolo Cortucci,&nbsp;<em>\u201c<\/em>Psicofisiognomica: Il volto e la personalit\u00e0<em>\u201d<br><\/em>Ester Patricia Ceresa,&nbsp;<a href=\"https:\/\/www.esterpatriciaceresa.com\/ro\/cheile-pentru-schimbare\/morfofisiognomica\/\" target=\"_blank\" rel=\"noreferrer noopener\">Manuale di Morfofisiognomica \u2013 Volume 1 \u2013 Cisu Editore \u2013 2019<\/a><\/p>\n\n\n\n<p>Crescita personale e rinascita interiore<br>Wayne Dyer, \u201cLe vostre zone erronee<em>\u201d<\/em>&nbsp; BUR Ed.<\/p>","protected":false},"excerpt":{"rendered":"<p>Ritroviamo in noi quella grande voglia di rinascere La primavera \u00e8 la stagione della rinascita per eccellenza: i fiori sbocciano, [&hellip;]<\/p>\n","protected":false},"author":2,"featured_media":26353,"comment_status":"closed","ping_status":"closed","sticky":false,"template":"","format":"standard","meta":{"_acf_changed":false,"footnotes":""},"categories":[6,9,28,18],"tags":[91,93,106,96],"class_list":["post-26352","post","type-post","status-publish","format-standard","has-post-thumbnail","hentry","category-autoipnosi","category-blog","category-corso-gratuito-ipnosi-e-autoipnosi","category-ipnosi","tag-autoipnosi","tag-benessere","tag-crescita-e-sviluppo-personale","tag-ipnosi"],"acf":[],"_links":{"self":[{"href":"https:\/\/www.esterpatriciaceresa.com\/ro\/wp-json\/wp\/v2\/posts\/26352","targetHints":{"allow":["GET"]}}],"collection":[{"href":"https:\/\/www.esterpatriciaceresa.com\/ro\/wp-json\/wp\/v2\/posts"}],"about":[{"href":"https:\/\/www.esterpatriciaceresa.com\/ro\/wp-json\/wp\/v2\/types\/post"}],"author":[{"embeddable":true,"href":"https:\/\/www.esterpatriciaceresa.com\/ro\/wp-json\/wp\/v2\/users\/2"}],"replies":[{"embeddable":true,"href":"https:\/\/www.esterpatriciaceresa.com\/ro\/wp-json\/wp\/v2\/comments?post=26352"}],"version-history":[{"count":3,"href":"https:\/\/www.esterpatriciaceresa.com\/ro\/wp-json\/wp\/v2\/posts\/26352\/revisions"}],"predecessor-version":[{"id":26360,"href":"https:\/\/www.esterpatriciaceresa.com\/ro\/wp-json\/wp\/v2\/posts\/26352\/revisions\/26360"}],"wp:featuredmedia":[{"embeddable":true,"href":"https:\/\/www.esterpatriciaceresa.com\/ro\/wp-json\/wp\/v2\/media\/26353"}],"wp:attachment":[{"href":"https:\/\/www.esterpatriciaceresa.com\/ro\/wp-json\/wp\/v2\/media?parent=26352"}],"wp:term":[{"taxonomy":"category","embeddable":true,"href":"https:\/\/www.esterpatriciaceresa.com\/ro\/wp-json\/wp\/v2\/categories?post=26352"},{"taxonomy":"post_tag","embeddable":true,"href":"https:\/\/www.esterpatriciaceresa.com\/ro\/wp-json\/wp\/v2\/tags?post=26352"}],"curies":[{"name":"wp","href":"https:\/\/api.w.org\/{rel}","templated":true}]}}